{"id":200,"date":"2022-04-25T09:00:00","date_gmt":"2022-04-25T07:00:00","guid":{"rendered":"https:\/\/preprod.make-my-box.com\/blog\/?p=200"},"modified":"2022-05-17T11:29:18","modified_gmt":"2022-05-17T09:29:18","slug":"chapitre-4-le-covid","status":"publish","type":"post","link":"https:\/\/www.make-my-box.com\/blog\/chapitre-4-le-covid\/","title":{"rendered":"Chapitre 5 &#8211; Le Covid"},"content":{"rendered":"\n<h2 class=\"has-text-color wp-block-heading\" style=\"color:#f18a6e\">Une ann\u00e9e \u00e9trange mais pas que..<\/h2>\n\n\n\n<h2 class=\"has-medium-font-size wp-block-heading\">On attaque ce nouveau chapitre le Mardi 17 Mars 2020 : le pr\u00e9sident nous annonce le premier confinement.<br><\/h2>\n\n\n\n<p>Les premiers jours on ne savait pas vraiment si les services de transport continueraient de fonctionner, on a donc ferm\u00e9 le site 3 semaines.<\/p>\n\n\n\n<p>3 semaines de remise en question, de nuits blanches mais aussi et surtout, de soutien de la comptable, la banque et Micha\u00ebl mon associ\u00e9 (et vous aussi !). Pas une seule fois, je me suis sentie seule. \ud83d\ude43&nbsp;<\/p>\n\n\n\n<p>Je me souviens que Mondial Relay avait perdu plus d&#8217;un trentaine de colis que nous avions d\u00e9pos\u00e9s 2 jours avant l&#8217;annonce du confinement. Nous avons \u00e9videmment rembours\u00e9 tous les clients, mais nous attendons toujours notre remboursement pour la marchandise perdue. \ud83d\ude0f<\/p>\n\n\n\n<p>Malgr\u00e9 tout, nous avons fait parti des entreprises qui ont eu la chance de vite pouvoir reprendre une activit\u00e9 et surtout\u2026 d\u2019envoyer de l\u2019amour \u00e0 vos proches que vous ne pouviez pas voir \u00e0 ce moment-l\u00e0. J\u2019ai \u00e9t\u00e9 particuli\u00e8rement touch\u00e9e par le sort r\u00e9serv\u00e9 aux autres : les fermetures administratives, les aides que certaines entreprises n\u2019ont pas pu avoir alors qu\u2019elles \u00e9taient \u00e9ligibles, le d\u00e9calage (ou non) des charges qui imputent aussi les bailleurs etc\u2026 Bref, une \u00e9conomie qui s&#8217;effondre sous nos yeux.<br><br>J&#8217;\u00e9changeais d\u00e9j\u00e0 avec pas mal de petites marques comme la mienne sur les r\u00e9seaux sociaux, surtout \u00e0 ce moment-l\u00e0. Petit \u00e0 petit, des groupes se forment pour relayer les derni\u00e8res informations, conna\u00eetre les marches \u00e0 suivre pour remplir tel ou tel dossier etc&#8230;<\/p>\n\n\n\n<p>C&#8217;est l\u00e0 que je me suis vraiment rendu compte de la d\u00e9tresse des entreprises qui n&#8217;\u00e9taient pas encore digitalis\u00e9es, qui avaient une boutique physique, mais pas de site.<br><br><\/p>\n\n\n\n<h2 class=\"has-medium-font-size wp-block-heading\">C&#8217;est \u00e0 ce moment l\u00e0 que j&#8217;ai eu l&#8217;id\u00e9e du <a href=\"https:\/\/www.make-my-box.com\/depots-ventes\" data-type=\"URL\" data-id=\"https:\/\/www.make-my-box.com\/depots-ventes\">d\u00e9p\u00f4t-vente<\/a>.<\/h2>\n\n\n\n<p>R\u00e9f\u00e9rencer des produits de marques qui n\u2019avaient pas de site internet. Juste un point de vente physique et donc pour la plupart ferm\u00e9s.<\/p>\n\n\n\n<p>On reverserait la moiti\u00e9 des ventes sur chaque produit aux marques en d\u00e9but de mois et on prendrait \u00e0 notre charge le stockage, les frais de port sur commandes etc..&nbsp;<\/p>\n\n\n\n<p class=\"has-small-font-size\"><em> (Pour faire le plein d&#8217;essence, je passe r\u00e9guli\u00e8rement devant Emma\u00fcs et Troc.com \u00e0 Plan de Campagne.<\/em> Inconsciemment et avec le recul, je pense que \u00e7a a d\u00fb m&#8217;envoyer des images subliminales ou je ne sais quoi.)<\/p>\n\n\n\n<p>La comptable a tout de suite valid\u00e9 l\u2019id\u00e9e (en plus c\u2019\u00e9tait aussi b\u00e9n\u00e9fique pour nous aussi apparemment ! \ud83d\udc4d) Il suffisait de r\u00e9diger un contrat carr\u00e9 et d&#8217;un peu d&#8217;organisation.<\/p>\n\n\n\n<figure class=\"wp-block-embed is-type-photo is-provider-giphy wp-block-embed-giphy\"><div class=\"wp-block-embed__wrapper\">\n<a href=\"https:\/\/giphy.com\/gifs\/latenightseth-seth-meyers-lnsm-xT0xem7ZlZ2DOYqpG0\" target=\"_blank\" rel=\"noopener\"><img loading=\"lazy\" decoding=\"async\" src=\"https:\/\/media1.giphy.com\/media\/xT0xem7ZlZ2DOYqpG0\/giphy.gif\" alt=\"Seth Meyers Omg GIF by Late Night with Seth Meyers - Find &amp; Share on GIPHY\" width=\"500\" height=\"500\" \/><\/a>\n<\/div><\/figure>\n\n\n\n<p>On a commenc\u00e9 avec 2 marques, puis 3 puis\u2026 une quinzaine en m\u00eame pas 1 mois !&nbsp;\ud83d\ude31<br><br><\/p>\n\n\n\n<p>Les abonn\u00e9s \/ clients ont \u00e9t\u00e9 hyper r\u00e9ceptifs \u00e0 cette d\u00e9marche, d\u2019autant plus qu\u2019ils d\u00e9couvraient des petits cr\u00e9ateurs fran\u00e7ais au fur et \u00e0 mesure. Le concept du d\u00e9p\u00f4t-vente est carr\u00e9ment devenu un r\u00e9flexe aujourd\u2019hui m\u00eame si nous ne sommes plus confin\u00e9s (Alleluia). C\u2019est un vrai plaisir de d\u00e9couvrir et \u00e9changer avec des personnes remplies de talent de jour en jour.<\/p>\n\n\n\n<p>Merci encore aux toutes premi\u00e8res marques qui nous ont fait confiance d\u00e8s le d\u00e9but&#8230;<\/p>\n\n\n\n<p>Vous pouvez les voir <strong><a href=\"https:\/\/www.make-my-box.com\/depots-ventes\" data-type=\"URL\" target=\"_blank\" rel=\"noreferrer noopener\">juste ici<\/a><\/strong>.<\/p>\n\n\n\n<figure class=\"wp-block-gallery has-nested-images columns-default is-cropped wp-block-gallery-1 is-layout-flex wp-block-gallery-is-layout-flex\">\n<figure class=\"wp-block-image size-full is-style-default\"><img loading=\"lazy\" decoding=\"async\" width=\"932\" height=\"1045\" data-id=\"721\" src=\"https:\/\/www.make-my-box.com\/blog\/wp-content\/uploads\/2022\/04\/junny-1.jpg\" alt=\"Marque d\u00e9p\u00f4t-vente\" class=\"wp-image-721\"\/><\/figure>\n\n\n\n<figure class=\"wp-block-image size-full is-style-default\"><img loading=\"lazy\" decoding=\"async\" width=\"932\" height=\"1045\" data-id=\"722\" src=\"https:\/\/www.make-my-box.com\/blog\/wp-content\/uploads\/2022\/04\/alice-1.jpg\" alt=\"Marque d\u00e9p\u00f4t-vente\" class=\"wp-image-722\"\/><\/figure>\n<\/figure>\n\n\n\n<p>\u00c0 part les designs de Box dessin\u00e9s en 2017\u2026 Ma cr\u00e9ativit\u00e9 s\u2019\u00e9tait un peu \u00e9teinte par la force des choses.<\/p>\n\n\n\n<p>D\u2019\u00eatre au contact de tout ces entrepreneurs cr\u00e9atifs l\u2019a r\u00e9veill\u00e9e : Je commence \u00e0 designer mes propres packagings comme les cartes ou les th\u00e9s &amp; infusions\u2026etc. Quand on cr\u00e9e son entreprise on peut vite s\u2019enfermer dans ses tableaux Excel et ses objectifs. Personnellement, je suis encore un peu bloqu\u00e9e sur ces aspects. Evidemment que nous avons des tableaux xls remplis de chiffres et de statistiques en tout genre mais mon premier amour reste et restera la cr\u00e9ation.<\/p>\n\n\n\n<figure class=\"wp-block-image size-full\"><img loading=\"lazy\" decoding=\"async\" width=\"932\" height=\"777\" src=\"https:\/\/www.make-my-box.com\/blog\/wp-content\/uploads\/2022\/04\/creations-makemybox-2.jpg\" alt=\"cr\u00e9ativit\u00e9, packaging Make my Box.\nChapitre 5 - Le covid\" class=\"wp-image-726\"\/><\/figure>\n\n\n\n<p>Mais l&#8217;histoire ne s&#8217;arr\u00eate pas l\u00e0&#8230; La suite au prochain chapitre !<\/p>\n","protected":false},"excerpt":{"rendered":"<p>Une ann\u00e9e \u00e9trange mais pas que.. On attaque ce nouveau chapitre le Mardi 17 Mars 2020 : le pr\u00e9sident nous annonce le premier confinement. Les &hellip; <\/p>\n","protected":false},"author":3,"featured_media":719,"comment_status":"open","ping_status":"open","sticky":false,"template":"","format":"standard","meta":{"footnotes":""},"categories":[5],"tags":[65,59,60,63,68],"_links":{"self":[{"href":"https:\/\/www.make-my-box.com\/blog\/wp-json\/wp\/v2\/posts\/200"}],"collection":[{"href":"https:\/\/www.make-my-box.com\/blog\/wp-json\/wp\/v2\/posts"}],"about":[{"href":"https:\/\/www.make-my-box.com\/blog\/wp-json\/wp\/v2\/types\/post"}],"author":[{"embeddable":true,"href":"https:\/\/www.make-my-box.com\/blog\/wp-json\/wp\/v2\/users\/3"}],"replies":[{"embeddable":true,"href":"https:\/\/www.make-my-box.com\/blog\/wp-json\/wp\/v2\/comments?post=200"}],"version-history":[{"count":56,"href":"https:\/\/www.make-my-box.com\/blog\/wp-json\/wp\/v2\/posts\/200\/revisions"}],"predecessor-version":[{"id":933,"href":"https:\/\/www.make-my-box.com\/blog\/wp-json\/wp\/v2\/posts\/200\/revisions\/933"}],"wp:featuredmedia":[{"embeddable":true,"href":"https:\/\/www.make-my-box.com\/blog\/wp-json\/wp\/v2\/media\/719"}],"wp:attachment":[{"href":"https:\/\/www.make-my-box.com\/blog\/wp-json\/wp\/v2\/media?parent=200"}],"wp:term":[{"taxonomy":"category","embeddable":true,"href":"https:\/\/www.make-my-box.com\/blog\/wp-json\/wp\/v2\/categories?post=200"},{"taxonomy":"post_tag","embeddable":true,"href":"https:\/\/www.make-my-box.com\/blog\/wp-json\/wp\/v2\/tags?post=200"}],"curies":[{"name":"wp","href":"https:\/\/api.w.org\/{rel}","templated":true}]}}