{"id":892,"date":"2022-06-17T09:25:12","date_gmt":"2022-06-17T07:25:12","guid":{"rendered":"https:\/\/www.make-my-box.com\/blog\/?p=892"},"modified":"2022-06-17T10:43:21","modified_gmt":"2022-06-17T08:43:21","slug":"mon-arrive-chez-make-my-box","status":"publish","type":"post","link":"https:\/\/www.make-my-box.com\/blog\/mon-arrive-chez-make-my-box\/","title":{"rendered":"Mon arriv\u00e9e chez Make my Box"},"content":{"rendered":"\n<h2 class=\"wp-block-heading\" style=\"font-size:30px\">1 &#8211; Ma rencontre avec Ana\u00efs&nbsp;<\/h2>\n\n\n\n<p>Tout commence une journ\u00e9e d\u2019Avril 2021.<\/p>\n\n\n\n<p>Par le biais d\u2019une connaissance commune je fais la rencontre d\u2019Ana\u00efs.<\/p>\n\n\n\n<p>Le feeling passe directement super bien entre nous.<\/p>\n\n\n\n<p>Elle m\u2019explique ce qu\u2019elle fait dans la vie et je comprends rapidement l\u2019importance que Make my Box a pour elle. C\u2019est son \u00ab&nbsp;b\u00e9b\u00e9&nbsp;\u00bb mais elle va avoir besoin d\u2019aide au vu de la croissance de l\u2019entreprise. Un caf\u00e9 au soleil plus tard nous avions un accord verbal pour que je commence l\u2019aventure avec elle en septembre.<\/p>\n\n\n\n<p>\u00c0 ce moment l\u00e0 j\u2019\u00e9tais en CDI depuis 2 ans mais j\u2019ai d\u00e9cid\u00e9 de faire confiance \u00e0 Ana\u00efs au m\u00eame titre qu\u2019elle ma fait confiance pour cette aventure.<\/p>\n\n\n\n<figure class=\"wp-block-gallery has-nested-images columns-default is-cropped wp-block-gallery-1 is-layout-flex wp-block-gallery-is-layout-flex\">\n<figure class=\"wp-block-image size-large\"><img loading=\"lazy\" decoding=\"async\" width=\"967\" height=\"838\" data-id=\"238\" src=\"https:\/\/www.make-my-box.com\/blog\/wp-content\/uploads\/2022\/04\/gardanne.jpg\" alt=\"\" class=\"wp-image-238\"\/><\/figure>\n<\/figure>\n\n\n\n<h2 class=\"wp-block-heading\" style=\"font-size:30px\">2 &#8211; L\u2019attente&nbsp;<\/h2>\n\n\n\n<p>Depuis Avril je sais donc que je commence chez Make my Box le 06 septembre 2021. Je rends donc visite \u00e0 Ana\u00efs au bureau un peu plus souvent, j\u2019essaye d\u2019analyser les futures missions qui me seront confi\u00e9es.<\/p>\n\n\n\n<p>Au d\u00e9but la premi\u00e8re fois qu\u2019Ana\u00efs m&#8217;a montr\u00e9e le stock, les commandes, les bordereaux\u2026 Je me suis dit exactement \u00ab&nbsp;Ah ouais \u00e7a va \u00eatre chaud &nbsp;\u00bb&nbsp;mais le challenge m&#8217;a toujours excit\u00e9 !<\/p>\n\n\n\n<figure class=\"wp-block-embed is-type-photo is-provider-giphy wp-block-embed-giphy\"><div class=\"wp-block-embed__wrapper\">\n<a href=\"https:\/\/giphy.com\/gifs\/nbc-tv-mr-mayor-wbXkGmM7YMgpCggnPB\" target=\"_blank\" rel=\"noopener\"><img loading=\"lazy\" decoding=\"async\" src=\"https:\/\/media0.giphy.com\/media\/wbXkGmM7YMgpCggnPB\/giphy.gif\" alt=\"Mr Mayor Waiting GIF by NBC - Find &amp; Share on GIPHY\" width=\"500\" height=\"281\" \/><\/a>\n<\/div><\/figure>\n\n\n\n<h2 class=\"wp-block-heading\" style=\"font-size:30px\">3 &#8211; Le jour J<\/h2>\n\n\n\n<p>Lundi 06 septembre 2021, mon premier jour chez Make my Box.<\/p>\n\n\n\n<p>Je suis d\u2019une nature plut\u00f4t d\u00e9contract\u00e9 donc pas de pressions, j\u2019\u00e9tais m\u00eame press\u00e9 de commencer !&nbsp;<\/p>\n\n\n\n<p>Ana\u00efs, ma nouvelle patronne, la meilleure boss (oui oui y\u2019en a un qui veut garder son travail ici \ud83d\ude07\ud83d\ude02) nous pr\u00e9voit un super p\u2019tit dej\u2019 pour mon arriv\u00e9e, de quoi bien commencer le boulot.<\/p>\n\n\n\n<p>Je visite le stock, mes horaires, mes missions (j\u2019ai encore la feuille des missions scotch\u00e9e devant moi \u00e0 l\u2019heure actuelle ) et c\u2019est parti, ma premi\u00e8re journ\u00e9e chez Make my Box peut commencer !<\/p>\n\n\n\n<h2 class=\"wp-block-heading\" style=\"font-size:30px\">4 &#8211; La p\u00e9riode de rush<\/h2>\n\n\n\n<p>1 mois est pass\u00e9 depuis mon arriv\u00e9e et tout se passe \u00e0 merveille, premi\u00e8re fois d\u2019ailleurs que je fais un sapin de no\u00ebl en short&#8230; et en septembre \ud83d\ude05 (shooting photo oblige).<\/p>\n\n\n\n<p>Depuis mon arriv\u00e9 et m\u00eame avant, Ana\u00efs me r\u00e9p\u00e8te que le pic d\u2019activit\u00e9 de l\u2019entreprise est directement \u00e0 la sortie de la Box de No\u00ebl. J\u2019\u00e9tais loin de penser que le rush allait arriver plus vite que pr\u00e9vu. <\/p>\n\n\n\n<p>Le 05 octobre Ana\u00efs met en ligne un <a href=\"https:\/\/www.tiktok.com\/@make.my.box\" target=\"_blank\" rel=\"noopener\">TikTok<\/a> avant de partir du bureau et le lendemain matin plus de 50 commandes pass\u00e9es dans la nuit ! C\u2019\u00e9tait juste fou, les commandes s&#8217;encha\u00eenaient et ne s\u2019arr\u00eataient pas. Pendant une semaine non stop j\u2019ai eu le droit \u00e0 un &#8220;avant no\u00ebl&#8221; qui m\u2019a tout de suite mis dans le bain. <\/p>\n\n\n\n<p>Une fois ce rush pass\u00e9, nous mettions en ligne la Box de No\u00ebl et c\u2019\u00e9tait reparti pour un tour. Plus de 50 commandes chaque jours \u00e0 pr\u00e9parer (merci beaucoup d\u2019ailleurs \ud83e\udd17), sans compter le plus gros contrat avec une entreprise que Make my Box a d\u00e9croch\u00e9 cette ann\u00e9e (Ana\u00efs \u00e9tait folle de joie). Cela nous a ajout\u00e9 beaucoup de travail mais je me suis senti super bien et c\u2019est gr\u00e2ce \u00e0 Ana\u00efs qui m\u2019a beaucoup aid\u00e9e pendant cette p\u00e9riode.<\/p>\n\n\n\n<p> Et oui pas facile de combiner apprentissage et p\u00e9riode de f\u00eate mais on ne baisse pas les bras !<\/p>\n\n\n\n<figure class=\"wp-block-gallery has-nested-images columns-default is-cropped wp-block-gallery-2 is-layout-flex wp-block-gallery-is-layout-flex\">\n<figure class=\"wp-block-image size-large\"><img loading=\"lazy\" decoding=\"async\" width=\"500\" height=\"500\" data-id=\"896\" src=\"https:\/\/www.make-my-box.com\/blog\/wp-content\/uploads\/2022\/04\/anais-mateo.jpg\" alt=\"\" class=\"wp-image-896\"\/><\/figure>\n<\/figure>\n\n\n\n<h2 class=\"wp-block-heading\" style=\"font-size:30px\">5 &#8211; Le moment pr\u00e9sent&nbsp;<\/h2>\n\n\n\n<p>Une fois la p\u00e9riode de rush pass\u00e9e, le site a ferm\u00e9 pendant 2 semaines.&nbsp;<\/p>\n\n\n\n<p>Cela a permis de recharger les batteries et de revenir avec le sourire !<\/p>\n\n\n\n<p>J\u2019ai par la suite sign\u00e9 mon CDI le 06 f\u00e9vrier soit 6 mois apr\u00e8s mon arriv\u00e9e et \u00e7a c\u2019est le top.<\/p>\n\n\n\n<figure class=\"wp-block-image size-full\"><img loading=\"lazy\" decoding=\"async\" width=\"967\" height=\"983\" src=\"https:\/\/www.make-my-box.com\/blog\/wp-content\/uploads\/2022\/04\/cdi.jpg\" alt=\"\" class=\"wp-image-253\"\/><\/figure>\n\n\n\n<p>Avec Ana\u00efs je continue d\u2019apprendre chaque jour, je fais \u00e9galement de mon mieux pour l\u2019aider au maximum et d\u2019\u00eatre le plus autonome possible.&nbsp;<\/p>\n\n\n\n<p>Je trouve que notre duo fonctionne bien, je r\u00e9alise la chance que j\u2019ai quand je viens le matin au travail en souriant !<\/p>\n\n\n\n<p>Retrouvez notre travail directement sur <a href=\"https:\/\/www.make-my-box.com\">Make my Box<\/a> et notre vie quotidiennes sur nos r\u00e9seaux sociaux \ud83e\udd70<\/p>\n","protected":false},"excerpt":{"rendered":"<p>1 &#8211; Ma rencontre avec Ana\u00efs&nbsp; Tout commence une journ\u00e9e d\u2019Avril 2021. Par le biais d\u2019une connaissance commune je fais la rencontre d\u2019Ana\u00efs. Le feeling &hellip; <\/p>\n","protected":false},"author":3,"featured_media":1017,"comment_status":"open","ping_status":"0","sticky":false,"template":"","format":"standard","meta":{"footnotes":""},"categories":[5],"tags":[95,38,91,93,94,96,25,90,92],"_links":{"self":[{"href":"https:\/\/www.make-my-box.com\/blog\/wp-json\/wp\/v2\/posts\/892"}],"collection":[{"href":"https:\/\/www.make-my-box.com\/blog\/wp-json\/wp\/v2\/posts"}],"about":[{"href":"https:\/\/www.make-my-box.com\/blog\/wp-json\/wp\/v2\/types\/post"}],"author":[{"embeddable":true,"href":"https:\/\/www.make-my-box.com\/blog\/wp-json\/wp\/v2\/users\/3"}],"replies":[{"embeddable":true,"href":"https:\/\/www.make-my-box.com\/blog\/wp-json\/wp\/v2\/comments?post=892"}],"version-history":[{"count":21,"href":"https:\/\/www.make-my-box.com\/blog\/wp-json\/wp\/v2\/posts\/892\/revisions"}],"predecessor-version":[{"id":1016,"href":"https:\/\/www.make-my-box.com\/blog\/wp-json\/wp\/v2\/posts\/892\/revisions\/1016"}],"wp:featuredmedia":[{"embeddable":true,"href":"https:\/\/www.make-my-box.com\/blog\/wp-json\/wp\/v2\/media\/1017"}],"wp:attachment":[{"href":"https:\/\/www.make-my-box.com\/blog\/wp-json\/wp\/v2\/media?parent=892"}],"wp:term":[{"taxonomy":"category","embeddable":true,"href":"https:\/\/www.make-my-box.com\/blog\/wp-json\/wp\/v2\/categories?post=892"},{"taxonomy":"post_tag","embeddable":true,"href":"https:\/\/www.make-my-box.com\/blog\/wp-json\/wp\/v2\/tags?post=892"}],"curies":[{"name":"wp","href":"https:\/\/api.w.org\/{rel}","templated":true}]}}